{"id":977,"date":"2019-09-29T11:18:53","date_gmt":"2019-09-29T11:18:53","guid":{"rendered":"http:\/\/www.nasetcentes.info\/?p=977"},"modified":"2019-09-29T11:18:53","modified_gmt":"2019-09-29T11:18:53","slug":"na-set-centes-setembre-septiembre-september-2019","status":"publish","type":"post","link":"https:\/\/www.nasetcentes.info\/?p=977","title":{"rendered":"Na Set Centes: Setembre \/ Septiembre \/ September 2019"},"content":{"rendered":"<p><a href=\"https:\/\/www.nasetcentes.info\/wp-content\/uploads\/Na-Set-Centes-September-2019.jpeg\"><img loading=\"lazy\" decoding=\"async\" class=\"aligncenter size-large wp-image-978\" src=\"https:\/\/www.nasetcentes.info\/wp-content\/uploads\/Na-Set-Centes-September-2019-1024x768.jpeg\" alt=\"\" width=\"1024\" height=\"768\" srcset=\"https:\/\/www.nasetcentes.info\/wp-content\/uploads\/Na-Set-Centes-September-2019-1024x768.jpeg 1024w, https:\/\/www.nasetcentes.info\/wp-content\/uploads\/Na-Set-Centes-September-2019-300x225.jpeg 300w, https:\/\/www.nasetcentes.info\/wp-content\/uploads\/Na-Set-Centes-September-2019-768x576.jpeg 768w, https:\/\/www.nasetcentes.info\/wp-content\/uploads\/Na-Set-Centes-September-2019.jpeg 1705w\" sizes=\"auto, (max-width: 1024px) 100vw, 1024px\" \/><\/a><\/p>\n<p>Agroturismo Na Set Centes, Septeber 2019.<\/p>\n<p>Unsere G\u00e4ste fr\u00fchst\u00fccken draussend. Das Wetter ist gut \/ Our guests still have breakfast outdoors. The weather is good \/ Nuestros clientes todav\u00eda toman el desayuno fuera. El tiempoe es bueno \/ Els nostres hostes encara berenen a fora. El Temps es bo.<\/p>\n<p>Carretera Art\u00e0 \u2013 Canyamel, Km. 2,7 (Carretera Ma-4042), 07570 Art\u00e0 Mallorca Web: \u00a0 <a href=\"http:\/\/www.nasetcentes.com\">www.nasetcentes.com<\/a> \u00a0Email: <a href=\"mailto:finca@nasetcentes.com\">finca@nasetcentes.com<\/a><\/p>\n","protected":false},"excerpt":{"rendered":"<p>Agroturismo Na Set Centes, Septeber 2019. Unsere G\u00e4ste fr\u00fchst\u00fccken draussend. Das Wetter ist gut \/ Our guests still have breakfast outdoors. The weather is good \/ Nuestros clientes todav\u00eda toman el desayuno fuera. El tiempoe es bueno \/ Els nostres hostes encara berenen a fora. El Temps es bo. Carretera Art\u00e0 \u2013 Canyamel, Km. 2,7 [&hellip;]<\/p>\n","protected":false},"author":1,"featured_media":0,"comment_status":"closed","ping_status":"closed","sticky":false,"template":"","format":"standard","meta":{"footnotes":""},"categories":[1],"tags":[18,17,22],"class_list":["post-977","post","type-post","status-publish","format-standard","hentry","category-sin-categoria","tag-agroturismo-arta","tag-agroturismo-mallorca","tag-na-set-centes"],"_links":{"self":[{"href":"https:\/\/www.nasetcentes.info\/index.php?rest_route=\/wp\/v2\/posts\/977","targetHints":{"allow":["GET"]}}],"collection":[{"href":"https:\/\/www.nasetcentes.info\/index.php?rest_route=\/wp\/v2\/posts"}],"about":[{"href":"https:\/\/www.nasetcentes.info\/index.php?rest_route=\/wp\/v2\/types\/post"}],"author":[{"embeddable":true,"href":"https:\/\/www.nasetcentes.info\/index.php?rest_route=\/wp\/v2\/users\/1"}],"replies":[{"embeddable":true,"href":"https:\/\/www.nasetcentes.info\/index.php?rest_route=%2Fwp%2Fv2%2Fcomments&post=977"}],"version-history":[{"count":1,"href":"https:\/\/www.nasetcentes.info\/index.php?rest_route=\/wp\/v2\/posts\/977\/revisions"}],"predecessor-version":[{"id":979,"href":"https:\/\/www.nasetcentes.info\/index.php?rest_route=\/wp\/v2\/posts\/977\/revisions\/979"}],"wp:attachment":[{"href":"https:\/\/www.nasetcentes.info\/index.php?rest_route=%2Fwp%2Fv2%2Fmedia&parent=977"}],"wp:term":[{"taxonomy":"category","embeddable":true,"href":"https:\/\/www.nasetcentes.info\/index.php?rest_route=%2Fwp%2Fv2%2Fcategories&post=977"},{"taxonomy":"post_tag","embeddable":true,"href":"https:\/\/www.nasetcentes.info\/index.php?rest_route=%2Fwp%2Fv2%2Ftags&post=977"}],"curies":[{"name":"wp","href":"https:\/\/api.w.org\/{rel}","templated":true}]}}