{"id":727,"date":"2018-12-21T09:06:51","date_gmt":"2018-12-21T09:06:51","guid":{"rendered":"http:\/\/www.nasetcentes.info\/?p=727"},"modified":"2019-06-01T14:09:15","modified_gmt":"2019-06-01T14:09:15","slug":"na-set-centes-arta-mallorca-hiver-invierno-winter","status":"publish","type":"post","link":"https:\/\/www.nasetcentes.info\/?p=727","title":{"rendered":"Na Set Centes, Art\u00e0, Mallorca: Hivern, Invierno, Winter"},"content":{"rendered":"<p><a href=\"https:\/\/www.nasetcentes.info\/wp-content\/uploads\/Art\u00e1-view-from-Na-Set-Centes-21-1.jpeg\"><img loading=\"lazy\" decoding=\"async\" class=\"aligncenter size-large wp-image-726\" src=\"https:\/\/www.nasetcentes.info\/wp-content\/uploads\/Art\u00e1-view-from-Na-Set-Centes-21-1-1024x768.jpeg\" alt=\"\" width=\"1024\" height=\"768\" srcset=\"https:\/\/www.nasetcentes.info\/wp-content\/uploads\/Art\u00e1-view-from-Na-Set-Centes-21-1-1024x768.jpeg 1024w, https:\/\/www.nasetcentes.info\/wp-content\/uploads\/Art\u00e1-view-from-Na-Set-Centes-21-1-300x225.jpeg 300w, https:\/\/www.nasetcentes.info\/wp-content\/uploads\/Art\u00e1-view-from-Na-Set-Centes-21-1-768x576.jpeg 768w, https:\/\/www.nasetcentes.info\/wp-content\/uploads\/Art\u00e1-view-from-Na-Set-Centes-21-1.jpeg 1520w\" sizes=\"auto, (max-width: 1024px) 100vw, 1024px\" \/><\/a>Vista d&#8217;Art\u00e0 des de Na Set Centes, el dia que comen\u00e7a l&#8217;hivern, 21.12.18<\/p>\n<p>Vista de Art\u00e0 desde Na Set Centes, el di\u00eda que empieza el invierno, 21.12.18<\/p>\n<p>View from Art\u00e0, from Na Set Cents, the day winter starts, 21.12.18<\/p>\n<p>Art\u00e0, von Na Set Centes gesehen, den Tag wann Winter beginnt, 21.12.18<\/p>\n<p>Per m\u00e9s informaci\u00f3 i reserver \/ Para m\u00e1s informaci\u00f3n y reservar \/ For more information and bookings \/ F\u00fcr mehrInformation und buchen: Web: \u00a0 <a href=\"http:\/\/www.nasetcentes.com\">www.nasetcentes.com<\/a> \u00a0Email: <a href=\"mailto:finca@nasetcentes.com\">finca@nasetcentes.com<\/a> Te. (0034) 617 88 14 21<\/p>\n","protected":false},"excerpt":{"rendered":"<p>Vista d&#8217;Art\u00e0 des de Na Set Centes, el dia que comen\u00e7a l&#8217;hivern, 21.12.18 Vista de Art\u00e0 desde Na Set Centes, el di\u00eda que empieza el invierno, 21.12.18 View from Art\u00e0, from Na Set Cents, the day winter starts, 21.12.18 Art\u00e0, von Na Set Centes gesehen, den Tag wann Winter beginnt, 21.12.18 Per m\u00e9s informaci\u00f3 i [&hellip;]<\/p>\n","protected":false},"author":1,"featured_media":0,"comment_status":"closed","ping_status":"closed","sticky":false,"template":"","format":"standard","meta":{"footnotes":""},"categories":[1],"tags":[29,22],"class_list":["post-727","post","type-post","status-publish","format-standard","hentry","category-sin-categoria","tag-agrorturismo-arta-mallorca","tag-na-set-centes"],"_links":{"self":[{"href":"https:\/\/www.nasetcentes.info\/index.php?rest_route=\/wp\/v2\/posts\/727","targetHints":{"allow":["GET"]}}],"collection":[{"href":"https:\/\/www.nasetcentes.info\/index.php?rest_route=\/wp\/v2\/posts"}],"about":[{"href":"https:\/\/www.nasetcentes.info\/index.php?rest_route=\/wp\/v2\/types\/post"}],"author":[{"embeddable":true,"href":"https:\/\/www.nasetcentes.info\/index.php?rest_route=\/wp\/v2\/users\/1"}],"replies":[{"embeddable":true,"href":"https:\/\/www.nasetcentes.info\/index.php?rest_route=%2Fwp%2Fv2%2Fcomments&post=727"}],"version-history":[{"count":3,"href":"https:\/\/www.nasetcentes.info\/index.php?rest_route=\/wp\/v2\/posts\/727\/revisions"}],"predecessor-version":[{"id":930,"href":"https:\/\/www.nasetcentes.info\/index.php?rest_route=\/wp\/v2\/posts\/727\/revisions\/930"}],"wp:attachment":[{"href":"https:\/\/www.nasetcentes.info\/index.php?rest_route=%2Fwp%2Fv2%2Fmedia&parent=727"}],"wp:term":[{"taxonomy":"category","embeddable":true,"href":"https:\/\/www.nasetcentes.info\/index.php?rest_route=%2Fwp%2Fv2%2Fcategories&post=727"},{"taxonomy":"post_tag","embeddable":true,"href":"https:\/\/www.nasetcentes.info\/index.php?rest_route=%2Fwp%2Fv2%2Ftags&post=727"}],"curies":[{"name":"wp","href":"https:\/\/api.w.org\/{rel}","templated":true}]}}