{"id":1452,"date":"2023-10-09T16:10:02","date_gmt":"2023-10-09T16:10:02","guid":{"rendered":"https:\/\/www.nasetcentes.info\/?p=1452"},"modified":"2023-10-09T16:10:02","modified_gmt":"2023-10-09T16:10:02","slug":"agroturismo-na-set-centes-arta-mallorca-setembre-i-octubre-setiembre-y-octubre-september-and-october-september-und-oktober-2023","status":"publish","type":"post","link":"https:\/\/www.nasetcentes.info\/?p=1452","title":{"rendered":"Agroturismo Na Set Centes, Art\u00e0, Mallorca: Setembre i Octubre; Setiembre y Octubre; September and October; September und Oktober 2023"},"content":{"rendered":"\n<figure class=\"wp-block-image size-large\"><a href=\"https:\/\/www.nasetcentes.info\/wp-content\/uploads\/20230927_135327-Agroturismo-Na-Set-Centes-Arta-Mallorca-Setember-and-October-2023-scaled.jpg\"><img loading=\"lazy\" decoding=\"async\" width=\"1024\" height=\"768\" src=\"https:\/\/www.nasetcentes.info\/wp-content\/uploads\/20230927_135327-Agroturismo-Na-Set-Centes-Arta-Mallorca-Setember-and-October-2023-1024x768.jpg\" alt=\"\" class=\"wp-image-1453\" srcset=\"https:\/\/www.nasetcentes.info\/wp-content\/uploads\/20230927_135327-Agroturismo-Na-Set-Centes-Arta-Mallorca-Setember-and-October-2023-1024x768.jpg 1024w, https:\/\/www.nasetcentes.info\/wp-content\/uploads\/20230927_135327-Agroturismo-Na-Set-Centes-Arta-Mallorca-Setember-and-October-2023-300x225.jpg 300w, https:\/\/www.nasetcentes.info\/wp-content\/uploads\/20230927_135327-Agroturismo-Na-Set-Centes-Arta-Mallorca-Setember-and-October-2023-768x576.jpg 768w, https:\/\/www.nasetcentes.info\/wp-content\/uploads\/20230927_135327-Agroturismo-Na-Set-Centes-Arta-Mallorca-Setember-and-October-2023-1536x1152.jpg 1536w, https:\/\/www.nasetcentes.info\/wp-content\/uploads\/20230927_135327-Agroturismo-Na-Set-Centes-Arta-Mallorca-Setember-and-October-2023-2048x1536.jpg 2048w\" sizes=\"auto, (max-width: 1024px) 100vw, 1024px\" \/><\/a><\/figure>\n\n\n\n<p>Agroturisme Na Set Centes, Art\u00e0, Mallorca: setembre i octubre 2023 <a href=\"http:\/\/www.nasetcentes.com\">www.nasetcentes.com<\/a><\/p>\n\n\n\n<p>Agroturismo Na Set Centes, Art\u00e0, Mallorca: setiembre y octubre 2023 <a href=\"http:\/\/www.nasetcentes.com\">www.nasetcentes.com<\/a><\/p>\n\n\n\n<p>Agroturismo Na Set Centes, Art\u00e0, Mallorca: September and October 2023 <a href=\"http:\/\/www.nasetcentes.com\">www.nasetcentes.com<\/a><\/p>\n\n\n\n<p>Agroturismo Na Set Centes, Art\u00e0, Mallorca: September und Oktober 2023 <a href=\"http:\/\/www.nasetcentes.com\">www.nasetcentes.com<\/a><\/p>\n","protected":false},"excerpt":{"rendered":"<p>Agroturisme Na Set Centes, Art\u00e0, Mallorca: setembre i octubre 2023 www.nasetcentes.com Agroturismo Na Set Centes, Art\u00e0, Mallorca: setiembre y octubre 2023 www.nasetcentes.com Agroturismo Na Set Centes, Art\u00e0, Mallorca: September and October 2023 www.nasetcentes.com Agroturismo Na Set Centes, Art\u00e0, Mallorca: September und Oktober 2023 www.nasetcentes.com<\/p>\n","protected":false},"author":1,"featured_media":0,"comment_status":"closed","ping_status":"closed","sticky":false,"template":"","format":"standard","meta":{"footnotes":""},"categories":[1],"tags":[29,18,42,40,28,22],"class_list":["post-1452","post","type-post","status-publish","format-standard","hentry","category-sin-categoria","tag-agrorturismo-arta-mallorca","tag-agroturismo-arta","tag-finca-hotel-mallorca","tag-mallorca-wandern","tag-mandelblute","tag-na-set-centes"],"_links":{"self":[{"href":"https:\/\/www.nasetcentes.info\/index.php?rest_route=\/wp\/v2\/posts\/1452","targetHints":{"allow":["GET"]}}],"collection":[{"href":"https:\/\/www.nasetcentes.info\/index.php?rest_route=\/wp\/v2\/posts"}],"about":[{"href":"https:\/\/www.nasetcentes.info\/index.php?rest_route=\/wp\/v2\/types\/post"}],"author":[{"embeddable":true,"href":"https:\/\/www.nasetcentes.info\/index.php?rest_route=\/wp\/v2\/users\/1"}],"replies":[{"embeddable":true,"href":"https:\/\/www.nasetcentes.info\/index.php?rest_route=%2Fwp%2Fv2%2Fcomments&post=1452"}],"version-history":[{"count":1,"href":"https:\/\/www.nasetcentes.info\/index.php?rest_route=\/wp\/v2\/posts\/1452\/revisions"}],"predecessor-version":[{"id":1454,"href":"https:\/\/www.nasetcentes.info\/index.php?rest_route=\/wp\/v2\/posts\/1452\/revisions\/1454"}],"wp:attachment":[{"href":"https:\/\/www.nasetcentes.info\/index.php?rest_route=%2Fwp%2Fv2%2Fmedia&parent=1452"}],"wp:term":[{"taxonomy":"category","embeddable":true,"href":"https:\/\/www.nasetcentes.info\/index.php?rest_route=%2Fwp%2Fv2%2Fcategories&post=1452"},{"taxonomy":"post_tag","embeddable":true,"href":"https:\/\/www.nasetcentes.info\/index.php?rest_route=%2Fwp%2Fv2%2Ftags&post=1452"}],"curies":[{"name":"wp","href":"https:\/\/api.w.org\/{rel}","templated":true}]}}